{"id":225012,"date":"2026-08-31T12:10:00","date_gmt":"2026-08-31T10:10:00","guid":{"rendered":"https:\/\/womeninadria.com\/?p=225012"},"modified":"2026-08-28T15:07:43","modified_gmt":"2026-08-28T13:07:43","slug":"istanbul-retreat-2026-posebno-iskustvo-za-zene-koje-zele-vise-od-putovanja","status":"publish","type":"post","link":"https:\/\/womeninadria.com\/bs\/istanbul-retreat-2026-posebno-iskustvo-za-zene-koje-zele-vise-od-putovanja\/","title":{"rendered":"Istanbul retreat 2026: Posebno iskustvo za \u017eene koje \u017eele vi\u0161e od putovanja"},"content":{"rendered":"\n<p class=\"wp-block-paragraph\">Drage \u017eene,<\/p>\n\n\n\n<p class=\"wp-block-paragraph\">mo\u017eda se jo\u0161 niste susrele s Human Designom. To je sustav samorazumijevanja koji nam poma\u017ee prepoznati kako prirodno donosimo odluke, koristimo svoju energiju i gradimo \u017eivot koji nam zaista odgovara.<\/p>\n\n\n\n<p class=\"wp-block-paragraph\">Upravo \u0107e Human Design biti jedan od va\u017enih dijelova na\u0161eg <strong>retreata u Istanbulu od 7. do 11. oktobra 2026.<\/strong> Program vode <strong>dr. sc. Jelena Verner<\/strong>, Human Design analiti\u010darka, edukatorica i osniva\u010dica Akademije Verner, te <strong>Belma Pe\u0107anin<\/strong>, direktorica magazine Gracija koja \u0107e kroz Face Yogu povezati unutarnju promjenu s njegom, ljepotom i prisutno\u0161\u0107u u tijelu.<\/p>\n\n\n\n<p class=\"wp-block-paragraph\">O\u010dekuju vas radionice, privatno iskustvo Istanbula, vrijeme za sebe i intimna grupa od najvi\u0161e deset \u017eena.<\/p>\n\n\n\n<p class=\"wp-block-paragraph\"><a><\/a> Za \u010dlanice <strong>Women in Adria<\/strong> osiguran je poseban <strong>popust od 10 %<\/strong>.<\/p>\n\n\n\n<p class=\"wp-block-paragraph\">Sve informacije o programu i prijavi prona\u0111ite ovdje:<br><a href=\"https:\/\/humandesignjelena.com\/istanbul-2026-retreat\/\">https:\/\/humandesignjelena.com\/istanbul-2026-retreat\/<\/a><\/p>\n\n\n\n<p class=\"wp-block-paragraph\">Jo\u0161 niste izra\u010dunale svoj Human Design &#8211; Besplatnu kartu mo\u017eete dobiti ovdje:<br><a href=\"https:\/\/humandesignjelena.com\/human-calculator\/\">https:\/\/humandesignjelena.com\/human-calculator\/<\/a><\/p>\n","protected":false},"excerpt":{"rendered":"<p>Drage \u017eene, mo\u017eda se jo\u0161 niste susrele s Human Designom. To je sustav samorazumijevanja koji nam poma\u017ee prepoznati kako prirodno donosimo odluke, koristimo svoju energiju i gradimo \u017eivot koji nam zaista odgovara. Upravo \u0107e Human Design biti jedan od va\u017enih dijelova na\u0161eg retreata u Istanbulu od 7. do 11. oktobra 2026. Program vode dr. sc. [&hellip;]<\/p>\n","protected":false},"author":5908,"featured_media":225016,"comment_status":"closed","ping_status":"open","sticky":false,"template":"","format":"standard","meta":{"_acf_changed":false,"footnotes":""},"categories":[6025],"tags":[],"class_list":["post-225012","post","type-post","status-publish","format-standard","has-post-thumbnail","hentry","category-coach"],"acf":[],"_links":{"self":[{"href":"https:\/\/womeninadria.com\/bs\/wp-json\/wp\/v2\/posts\/225012","targetHints":{"allow":["GET"]}}],"collection":[{"href":"https:\/\/womeninadria.com\/bs\/wp-json\/wp\/v2\/posts"}],"about":[{"href":"https:\/\/womeninadria.com\/bs\/wp-json\/wp\/v2\/types\/post"}],"author":[{"embeddable":true,"href":"https:\/\/womeninadria.com\/bs\/wp-json\/wp\/v2\/users\/5908"}],"replies":[{"embeddable":true,"href":"https:\/\/womeninadria.com\/bs\/wp-json\/wp\/v2\/comments?post=225012"}],"version-history":[{"count":1,"href":"https:\/\/womeninadria.com\/bs\/wp-json\/wp\/v2\/posts\/225012\/revisions"}],"predecessor-version":[{"id":225014,"href":"https:\/\/womeninadria.com\/bs\/wp-json\/wp\/v2\/posts\/225012\/revisions\/225014"}],"wp:featuredmedia":[{"embeddable":true,"href":"https:\/\/womeninadria.com\/bs\/wp-json\/wp\/v2\/media\/225016"}],"wp:attachment":[{"href":"https:\/\/womeninadria.com\/bs\/wp-json\/wp\/v2\/media?parent=225012"}],"wp:term":[{"taxonomy":"category","embeddable":true,"href":"https:\/\/womeninadria.com\/bs\/wp-json\/wp\/v2\/categories?post=225012"},{"taxonomy":"post_tag","embeddable":true,"href":"https:\/\/womeninadria.com\/bs\/wp-json\/wp\/v2\/tags?post=225012"}],"curies":[{"name":"wp","href":"https:\/\/api.w.org\/{rel}","templated":true}]}}